{"id":24,"date":"2010-09-22T10:03:46","date_gmt":"2010-09-22T08:03:46","guid":{"rendered":"https:\/\/quelijaume.net\/?p=24"},"modified":"2010-09-22T10:03:46","modified_gmt":"2010-09-22T08:03:46","slug":"historia-de-laltre-israel-i-palestina-un-conflicte-dos-mirades","status":"publish","type":"post","link":"https:\/\/quelijaume.net\/?p=24","title":{"rendered":"Historia de l&#8217;altre. Israel i Palestina, un conflicte, dos mirades"},"content":{"rendered":"<p><img loading=\"lazy\" decoding=\"async\" class=\"aligncenter\" src=\"https:\/\/quelijaume.net\/fotoblog\/historiaaltre.jpg\" alt=\"\" width=\"433\" height=\"600\" \/><\/p>\n<p>Vaig comprar aquest llibre, editat per la Editorial d&#8217;<strong><a href=\"http:\/\/www.intermonoxfam.org\/ca\/page.asp?id=2046&amp;ui=3102\">Interm\u00f3n Oxfam<\/a><\/strong> en un Sant Jordi de no fa gaires anys. El vaig triar perqu\u00e8 tractava aparentment un tema tan complex com el conflicte entre palestins i israelians, un tema tant feixuc i amb unes posicions tan confrontades que hem venia de gust aprendre&#8217;n alguna cosa m\u00e9s. Fins ara la meva opini\u00f3 sobre aquest conflicte era m\u00e9s aviat equilibrada, vull dir que considerava els israelians un poble amb l\u00edders agressius amb ganes de dominar la zona, utilitzant la for\u00e7a per\u00f2 sobretot les pressions pol\u00edtiques i econ\u00f2miques, treient-se de la m\u00e0niga uns drets hist\u00f2rics per ocupar i esclafar un poble, i per a mi els palestins eren un poble oprimit primer pels seus propis dirigents, despr\u00e9s pels dirigents \u00e0rabs ve\u00efns i finalment per les forces d&#8217;ocupaci\u00f3 que for\u00e7aven la seva gent a convertir-se en all\u00f2 que segurament mai s&#8217;havien ni tan sols imaginat: homes i dones desesperats.<\/p>\n<p>Aquest llibre no m&#8217;ha descobert gran cosa, si de cas ha refor\u00e7at la idea que tenia ja preformada. I \u00e9s que all\u00f2 no s&#8217;acabar\u00e0 mai, mentre un sol palest\u00ed o un sol israeli\u00e0 quedi dempeus. Senzillament han com\u00e8s tantes barbaritats, durant tant de temps, que s&#8217;ha de ser un sant per perdonar el que han d&#8217;oblidar si volen viure en pau. Ja poden anar fent fulls de ruta i iniciar converses&#8230; All\u00f2 \u00e9s un avisper.<\/p>\n<p>Per\u00f2 centrant-me en el llibre, relata les experi\u00e8ncies dels israelians per una banda i la dels palestins per una altra. Experi\u00e8ncies colpidores en molts casos, relata situacions totalment inveros\u00edmils i que fan bullir la sang a qualsevol. \u00c9s interessant de llegir, tot i que no segueix un esquema linial. M&#8217;explico: El llibre es divideix en 3 parts hist\u00f2riques, on cada una de les faccions narra els fets tal hi com els va viure. Primer comen\u00e7a la visi\u00f3 israeliana, despr\u00e9s la palestina. Per\u00f2 amb la particularitat tan mal trobada de fer que les p\u00e0gines senars narrin els fets israelians, i les parells les dels palestins, tot indissoluble. Suposo que hauran volgut equiparar el llibre amb la realitat. Aix\u00f2 provoca confusi\u00f3 i una mala bava creixent, quan t&#8217;adones que vas perdent el punt on et trobaves de la lectura. Un llibre recomanable, per\u00f2 prepareu-vos per a portar la lectura com si estessiu llegint un article t\u00e8cnic, amb refer\u00e8ncies amunt i avall, canviant de p\u00e0gines continuament i amb el cap ben clar, sin\u00f3 us fareu un embolic ben aviat.<\/p>\n","protected":false},"excerpt":{"rendered":"<p>Vaig comprar aquest llibre, editat per la Editorial d&#8217;Interm\u00f3n Oxfam en un Sant Jordi de no fa gaires anys. El vaig triar perqu\u00e8 tractava aparentment un tema tan complex com el conflicte entre palestins i israelians, un tema tant feixuc i amb unes posicions tan confrontades que hem venia de gust aprendre&#8217;n alguna cosa m\u00e9s. &hellip; <a href=\"https:\/\/quelijaume.net\/?p=24\" class=\"more-link\">Continua la lectura de <span class=\"screen-reader-text\">Historia de l&#8217;altre. Israel i Palestina, un conflicte, dos mirades<\/span><\/a><\/p>\n","protected":false},"author":1,"featured_media":0,"comment_status":"open","ping_status":"open","sticky":false,"template":"","format":"standard","meta":{"footnotes":""},"categories":[7],"tags":[13,9,8],"class_list":["post-24","post","type-post","status-publish","format-standard","hentry","category-llibres","tag-conflicte","tag-critica","tag-llibres-2"],"_links":{"self":[{"href":"https:\/\/quelijaume.net\/index.php?rest_route=\/wp\/v2\/posts\/24","targetHints":{"allow":["GET"]}}],"collection":[{"href":"https:\/\/quelijaume.net\/index.php?rest_route=\/wp\/v2\/posts"}],"about":[{"href":"https:\/\/quelijaume.net\/index.php?rest_route=\/wp\/v2\/types\/post"}],"author":[{"embeddable":true,"href":"https:\/\/quelijaume.net\/index.php?rest_route=\/wp\/v2\/users\/1"}],"replies":[{"embeddable":true,"href":"https:\/\/quelijaume.net\/index.php?rest_route=%2Fwp%2Fv2%2Fcomments&post=24"}],"version-history":[{"count":0,"href":"https:\/\/quelijaume.net\/index.php?rest_route=\/wp\/v2\/posts\/24\/revisions"}],"wp:attachment":[{"href":"https:\/\/quelijaume.net\/index.php?rest_route=%2Fwp%2Fv2%2Fmedia&parent=24"}],"wp:term":[{"taxonomy":"category","embeddable":true,"href":"https:\/\/quelijaume.net\/index.php?rest_route=%2Fwp%2Fv2%2Fcategories&post=24"},{"taxonomy":"post_tag","embeddable":true,"href":"https:\/\/quelijaume.net\/index.php?rest_route=%2Fwp%2Fv2%2Ftags&post=24"}],"curies":[{"name":"wp","href":"https:\/\/api.w.org\/{rel}","templated":true}]}}