{"id":28,"date":"2010-09-28T17:57:39","date_gmt":"2010-09-28T15:57:39","guid":{"rendered":"https:\/\/quelijaume.net\/?p=28"},"modified":"2010-09-28T17:57:39","modified_gmt":"2010-09-28T15:57:39","slug":"la-davallada-de-catalunya-radio-i-les-radios-en-catala","status":"publish","type":"post","link":"https:\/\/quelijaume.net\/?p=28","title":{"rendered":"La davallada de Catalunya R\u00e0dio i les r\u00e0dios en catal\u00e0"},"content":{"rendered":"<p>Que lluny que queden <strong>Els matins de Catalunya R\u00e0dio<\/strong> amb l&#8217;enyorat Antoni Bassas! Quina vergonya haver prescindit de programes com <strong>Els viatgers de la gran anaconda<\/strong> &#8211; de viatges i que ajudava a somniar-, el <strong>Sense fronteres<\/strong> &#8211; que aconseguia fer-nos sentir una mica m\u00e9s aprop de la resta de territoris de parla catalana- , <strong>El Suplement<\/strong> &#8211; un programa de cap de setmana seguit per molt\u00edssima gent-, <strong>Postres de m\u00fasic<\/strong> -crec recordar que comen\u00e7ava a les 16h-, <strong>Versi\u00f3 Original<\/strong> -un programa d&#8217;humor amb moments infumables per\u00f2 tamb\u00e9 amb estones molt encertades, i que ajudaven a passar la tarda- o el <strong>No ho diguis a ning\u00fa<\/strong> -programa esportiu amb en Jordi Bast\u00e9. Aconseguia que el segu\u00eds, a altes hores de la matinada, tot hi no agradar-me el futbol!!!-<\/p>\n<p><img loading=\"lazy\" decoding=\"async\" class=\"aligncenter\" src=\"https:\/\/quelijaume.net\/fotoblog\/crack.jpg\" alt=\"\" width=\"300\" height=\"400\" \/><\/p>\n<p>Quina desil\u00b7lusi\u00f3 veure com el programa que portava amb tanta professionalitat Antoni Bassas hagi acabat en mans d&#8217;un element com en Manel Fuentes, que l&#8217;ha convertit en un carnaval sense sentit i que produeix mal a les orelles per a tot aquell qui t\u00e9 la paci\u00e8ncia d&#8217;escoltar-lo cinc minuts seguits! Han aconseguit desballestar un projecte del qual Catalunya se&#8217;n podia sentir ben orgullosa. Ho han aconseguit en ben poc temps! Jo n&#8217;era un oient fidel, fidel\u00edssim. Nom\u00e9s a partir de la supressi\u00f3 del programa del Bassas vaig comen\u00e7ar a escoltar altres emissores amb m\u00e9s regularitat, entre elles R\u00e0dio Andorra o l&#8217;actual AD R\u00e0dio. La situaci\u00f3 es va anar fent cada vegada m\u00e9s insostenible, fins arribar el punt que va aconseguir fer vessar el got, la entrevista que el Fuentes va fer a l&#8217;\u00c0ngel Colom arrel de l&#8217;afer Millet. Aquell mat\u00ed ignomini\u00f3s vaig desprogramar l&#8217;emissora. Ja no m&#8217;oferia res d&#8217;inter\u00e8s, o almenys de prou interessant per a contar-me entre els seus oients. Despr\u00e9s de presenciar aquell circ en directe, vaig perdre el poc respecte que hem quedava pel periodista (?) i per l&#8217;emissora.<\/p>\n<p>I recentment m&#8217;assabento que tamb\u00e9 han decidit prescindir del programa <strong>L&#8217;internauta<\/strong>! Crec que nom\u00e9s queda un programa que valgui la pena escoltar, i aquest \u00e9s l&#8217;<strong>En gu\u00e0rdia<\/strong>.<\/p>\n<p>Tota la resta \u00e9s perdre el temps.<\/p>\n<p>I de les nostres emissores tampoc anem tant sobrats! La nacional, R\u00e0dio Andorra ha perdut qualitat en la programaci\u00f3, tot hi que no ha estat mai cap referent a nivell radiof\u00f2nic, per\u00f2 pels andorrans crec que \u00e9s important no perdre-la de vista. I AD R\u00e0dio -amb 2 locutors d&#8217;una qualitat indiscutible: en Xavi M\u00fajal i en Gabriel Fern\u00e0ndez- que darrerament ha perdut embranzida per la dr\u00e0stica reducci\u00f3 de personal, ja que han substitu\u00eft les hores treballades per hores de m\u00fasica enllaunada.<\/p>\n<p>Sembla que les r\u00e0dios van a la baixa, una veritable ll\u00e0stima. Per sort tamb\u00e9 es pot aplicar la m\u00e0xima de\u00a0 &#8220;El Rei \u00e9s mort, visca el Rei!&#8221; . Sempre ens podem subscriure al podcast dels programes que ens agraden, i escoltar-los relaxadament quan ens vagi b\u00e9 a nosaltres. Amb <strong>L&#8217;internauta<\/strong> ara \u00e9s la \u00fanica sol\u00b7luci\u00f3&#8230;!<\/p>\n<p>Podeu trobar m\u00e9s informaci\u00f3 en aquest <strong><a href=\"http:\/\/www.racocatala.cat\/forums\/fil\/109131\/el-declivi-de-catalunya-radio\">f\u00f2rum<\/a><\/strong> i tamb\u00e9 en aquest <strong><a href=\"http:\/\/www.elsingulardigital.cat\/cat\/notices\/manel_fuentes_periodista_o_fiscal_42633.php\">article<\/a><\/strong> d&#8217;en V\u00edctor Alexandre<\/p>\n","protected":false},"excerpt":{"rendered":"<p>Que lluny que queden Els matins de Catalunya R\u00e0dio amb l&#8217;enyorat Antoni Bassas! Quina vergonya haver prescindit de programes com Els viatgers de la gran anaconda &#8211; de viatges i que ajudava a somniar-, el Sense fronteres &#8211; que aconseguia fer-nos sentir una mica m\u00e9s aprop de la resta de territoris de parla catalana- , &hellip; <a href=\"https:\/\/quelijaume.net\/?p=28\" class=\"more-link\">Continua la lectura de <span class=\"screen-reader-text\">La davallada de Catalunya R\u00e0dio i les r\u00e0dios en catal\u00e0<\/span><\/a><\/p>\n","protected":false},"author":1,"featured_media":0,"comment_status":"open","ping_status":"open","sticky":false,"template":"","format":"standard","meta":{"footnotes":""},"categories":[4,1],"tags":[16,14,15],"class_list":["post-28","post","type-post","status-publish","format-standard","hentry","category-denuncia-2","category-general","tag-decepcio","tag-radio","tag-vergonya"],"_links":{"self":[{"href":"https:\/\/quelijaume.net\/index.php?rest_route=\/wp\/v2\/posts\/28","targetHints":{"allow":["GET"]}}],"collection":[{"href":"https:\/\/quelijaume.net\/index.php?rest_route=\/wp\/v2\/posts"}],"about":[{"href":"https:\/\/quelijaume.net\/index.php?rest_route=\/wp\/v2\/types\/post"}],"author":[{"embeddable":true,"href":"https:\/\/quelijaume.net\/index.php?rest_route=\/wp\/v2\/users\/1"}],"replies":[{"embeddable":true,"href":"https:\/\/quelijaume.net\/index.php?rest_route=%2Fwp%2Fv2%2Fcomments&post=28"}],"version-history":[{"count":0,"href":"https:\/\/quelijaume.net\/index.php?rest_route=\/wp\/v2\/posts\/28\/revisions"}],"wp:attachment":[{"href":"https:\/\/quelijaume.net\/index.php?rest_route=%2Fwp%2Fv2%2Fmedia&parent=28"}],"wp:term":[{"taxonomy":"category","embeddable":true,"href":"https:\/\/quelijaume.net\/index.php?rest_route=%2Fwp%2Fv2%2Fcategories&post=28"},{"taxonomy":"post_tag","embeddable":true,"href":"https:\/\/quelijaume.net\/index.php?rest_route=%2Fwp%2Fv2%2Ftags&post=28"}],"curies":[{"name":"wp","href":"https:\/\/api.w.org\/{rel}","templated":true}]}}