{"id":308,"date":"2013-09-23T19:09:43","date_gmt":"2013-09-23T17:09:43","guid":{"rendered":"https:\/\/quelijaume.net\/?p=308"},"modified":"2013-09-23T19:09:43","modified_gmt":"2013-09-23T17:09:43","slug":"les-bruixes-darnes-de-david-marti","status":"publish","type":"post","link":"https:\/\/quelijaume.net\/?p=308","title":{"rendered":"Les bruixes d&#8217;Arnes, de David Mart\u00ed"},"content":{"rendered":"<p><img loading=\"lazy\" decoding=\"async\" class=\"aligncenter\" alt=\"\" src=\"Http:\\\\quelijaume.net\/fotoblog\/Les-bruixes-dArnes.jpg\" width=\"403\" height=\"600\" \/><\/p>\n<p>Aquest llibre segueix la estela que en els darrers anys ha tingut tant d&#8217;\u00e8xit de tractar intrigues ambientades cap al segle XV o XVI.<\/p>\n<p>&nbsp;<\/p>\n<p>Tracta de la vida de dues dones que s\u00f3n hereves d&#8217;uns poders extraordinaris que s&#8217;han anat teixint al llarg del temps, i resulta que s\u00f3n les encarregades de vetllar per conservar el &#8220;llibre de les ess\u00e8ncies&#8221;, un recopilatori de la vida i del saber de persones i cultures especialment arrelades a la natura i profundament coneixedores dels seus secrets. Se les acusa de bruixes i s\u00f3n l&#8217;objectiu d&#8217;implacables perseguidors que, amparant-se en la religi\u00f3 &#8211; la inquisici\u00f3- s\u00f3n capa\u00e7os de cometre els crims m\u00e9s inversemblants.<\/p>\n<p>&nbsp;<\/p>\n<p>El llibre desbarra en for\u00e7a ocasions, i trobo que \u00e9s extremadament planer en tota la seva concepci\u00f3. La hist\u00f2ria no est\u00e0 malament, per\u00f2 no\u00a0\u00e9s un text amb massa for\u00e7a, i sembla que es van ventilant els temes com si hi hagu\u00e9s un gui\u00f3 preestablert de dividir la novel\u00b7la en X punts importants a tocar, i quan hi arriba l&#8217;autor se&#8217;n desf\u00e0 de pressa i corrents, sense dedicar-hi el temps suficient per a preparar la trama com cal. Lectura planera i amb suficient carisma, per\u00f2 molt mancada d&#8217;una bona estructura i d&#8217;una narraci\u00f3 de pes. No \u00e9s imprescindible.<\/p>\n<p>&nbsp;<\/p>\n","protected":false},"excerpt":{"rendered":"<p>Aquest llibre segueix la estela que en els darrers anys ha tingut tant d&#8217;\u00e8xit de tractar intrigues ambientades cap al segle XV o XVI. &nbsp; Tracta de la vida de dues dones que s\u00f3n hereves d&#8217;uns poders extraordinaris que s&#8217;han anat teixint al llarg del temps, i resulta que s\u00f3n les encarregades de vetllar per &hellip; <a href=\"https:\/\/quelijaume.net\/?p=308\" class=\"more-link\">Continua la lectura de <span class=\"screen-reader-text\">Les bruixes d&#8217;Arnes, de David Mart\u00ed<\/span><\/a><\/p>\n","protected":false},"author":1,"featured_media":0,"comment_status":"open","ping_status":"open","sticky":false,"template":"","format":"standard","meta":{"footnotes":""},"categories":[7],"tags":[185,184],"class_list":["post-308","post","type-post","status-publish","format-standard","hentry","category-llibres","tag-david-marti","tag-les-bruixes-darnes"],"_links":{"self":[{"href":"https:\/\/quelijaume.net\/index.php?rest_route=\/wp\/v2\/posts\/308","targetHints":{"allow":["GET"]}}],"collection":[{"href":"https:\/\/quelijaume.net\/index.php?rest_route=\/wp\/v2\/posts"}],"about":[{"href":"https:\/\/quelijaume.net\/index.php?rest_route=\/wp\/v2\/types\/post"}],"author":[{"embeddable":true,"href":"https:\/\/quelijaume.net\/index.php?rest_route=\/wp\/v2\/users\/1"}],"replies":[{"embeddable":true,"href":"https:\/\/quelijaume.net\/index.php?rest_route=%2Fwp%2Fv2%2Fcomments&post=308"}],"version-history":[{"count":0,"href":"https:\/\/quelijaume.net\/index.php?rest_route=\/wp\/v2\/posts\/308\/revisions"}],"wp:attachment":[{"href":"https:\/\/quelijaume.net\/index.php?rest_route=%2Fwp%2Fv2%2Fmedia&parent=308"}],"wp:term":[{"taxonomy":"category","embeddable":true,"href":"https:\/\/quelijaume.net\/index.php?rest_route=%2Fwp%2Fv2%2Fcategories&post=308"},{"taxonomy":"post_tag","embeddable":true,"href":"https:\/\/quelijaume.net\/index.php?rest_route=%2Fwp%2Fv2%2Ftags&post=308"}],"curies":[{"name":"wp","href":"https:\/\/api.w.org\/{rel}","templated":true}]}}