{"id":43,"date":"2010-11-06T15:05:39","date_gmt":"2010-11-06T13:05:39","guid":{"rendered":"https:\/\/quelijaume.net\/?p=43"},"modified":"2010-11-06T15:05:39","modified_gmt":"2010-11-06T13:05:39","slug":"linternauta-a-vilaweb","status":"publish","type":"post","link":"https:\/\/quelijaume.net\/?p=43","title":{"rendered":"L&#8217;internauta a Vilaweb"},"content":{"rendered":"<p><img loading=\"lazy\" decoding=\"async\" class=\"aligncenter\" src=\"https:\/\/quelijaume.net\/fotoblog\/internauta300_01.gif\" alt=\"\" width=\"300\" height=\"250\" \/><\/p>\n<p>A principis de setembre sorgia el nou programa de <a href=\"http:\/\/www.vilaweb.cat\/linternauta\"><strong>L&#8217;internauta<\/strong><\/a>, aquesta vegada sota el paraig\u00fces de <a href=\"http:\/\/www.vilaweb.cat\/\"><strong>Vilaweb<\/strong><\/a> i de la m\u00e0 com sempre de <a href=\"http:\/\/blocs.mesvilaweb.cat\/vicent\"><strong>Vicent Partal<\/strong><\/a>. Des d&#8217;aleshores, des d&#8217;aquest primer programa no n&#8217;havia tornat a sentir parlar m\u00e9s, i pensava que encara no s&#8217;havien aconseguit resoldre alguns problemes t\u00e8cnics que podrien haver sorgit. Avui per\u00f2 he decidit fer una cerca per resoldre el dubte, i resulta que des d&#8217;aleshores i de manera setmanal (tots els dimarts) publiquen un nou programa en format podcast! Aix\u00f2 vol dir que podem baixar-ne gratu\u00eftament l&#8217;arxiu en MP3 i escoltar-lo quan a nosaltres ens vagi b\u00e9! Tamb\u00e9 \u00e9s clar ens podem subscriure a la web a trav\u00e9s <strong><a href=\"http:\/\/vilaweb.tv\/linternauta.xml\">d&#8217;aquesta adre\u00e7a<\/a><\/strong> (per exemple mitjan\u00e7ant el <a href=\"http:\/\/www.google.com\/reader\/\"><strong>Google Reader<\/strong><\/a>, l\u00edder indiscutible del moment per molt que salvin &#8220;in extremis&#8221; el vell <a href=\"http:\/\/bloglines.com\/\"><strong>Bloglines<\/strong><\/a>). Si ho fem, opci\u00f3 que recomano del tot, cada vegada que es publiqui un nou programa rebrem directament l&#8217;actualitzaci\u00f3 al Google Reader i no ens caldr\u00e0 anar comprovant peri\u00f2dicament l&#8217;adre\u00e7a.<\/p>\n<p>Jo de moment ja els tinc tots emmagatzemats a l&#8217;ordinador, a falta de passar-los al tel\u00e8fon per escoltar-los en qualsevol moment i circumst\u00e0ncia que s&#8217;hi avingui.<\/p>\n","protected":false},"excerpt":{"rendered":"<p>A principis de setembre sorgia el nou programa de L&#8217;internauta, aquesta vegada sota el paraig\u00fces de Vilaweb i de la m\u00e0 com sempre de Vicent Partal. Des d&#8217;aleshores, des d&#8217;aquest primer programa no n&#8217;havia tornat a sentir parlar m\u00e9s, i pensava que encara no s&#8217;havien aconseguit resoldre alguns problemes t\u00e8cnics que podrien haver sorgit. Avui &hellip; <a href=\"https:\/\/quelijaume.net\/?p=43\" class=\"more-link\">Continua la lectura de <span class=\"screen-reader-text\">L&#8217;internauta a Vilaweb<\/span><\/a><\/p>\n","protected":false},"author":1,"featured_media":0,"comment_status":"open","ping_status":"open","sticky":false,"template":"","format":"standard","meta":{"footnotes":""},"categories":[6,1],"tags":[25,22,26,24,23],"class_list":["post-43","post","type-post","status-publish","format-standard","hentry","category-bravo","category-general","tag-google-reader","tag-linternauta","tag-podcast","tag-vicent-partal","tag-vilaweb"],"_links":{"self":[{"href":"https:\/\/quelijaume.net\/index.php?rest_route=\/wp\/v2\/posts\/43","targetHints":{"allow":["GET"]}}],"collection":[{"href":"https:\/\/quelijaume.net\/index.php?rest_route=\/wp\/v2\/posts"}],"about":[{"href":"https:\/\/quelijaume.net\/index.php?rest_route=\/wp\/v2\/types\/post"}],"author":[{"embeddable":true,"href":"https:\/\/quelijaume.net\/index.php?rest_route=\/wp\/v2\/users\/1"}],"replies":[{"embeddable":true,"href":"https:\/\/quelijaume.net\/index.php?rest_route=%2Fwp%2Fv2%2Fcomments&post=43"}],"version-history":[{"count":0,"href":"https:\/\/quelijaume.net\/index.php?rest_route=\/wp\/v2\/posts\/43\/revisions"}],"wp:attachment":[{"href":"https:\/\/quelijaume.net\/index.php?rest_route=%2Fwp%2Fv2%2Fmedia&parent=43"}],"wp:term":[{"taxonomy":"category","embeddable":true,"href":"https:\/\/quelijaume.net\/index.php?rest_route=%2Fwp%2Fv2%2Fcategories&post=43"},{"taxonomy":"post_tag","embeddable":true,"href":"https:\/\/quelijaume.net\/index.php?rest_route=%2Fwp%2Fv2%2Ftags&post=43"}],"curies":[{"name":"wp","href":"https:\/\/api.w.org\/{rel}","templated":true}]}}