{"id":644,"date":"2013-10-25T07:29:52","date_gmt":"2013-10-25T05:29:52","guid":{"rendered":"https:\/\/quelijaume.net\/?p=644"},"modified":"2013-10-25T07:29:52","modified_gmt":"2013-10-25T05:29:52","slug":"mel-i-metzines-de-maria-barbal","status":"publish","type":"post","link":"https:\/\/quelijaume.net\/?p=644","title":{"rendered":"Mel i metzines, de Maria Barbal"},"content":{"rendered":"<p><img loading=\"lazy\" decoding=\"async\" class=\"aligncenter\" alt=\"\" src=\"https:\/\/quelijaume.net\/fotoblog\/melimetzines.jpg\" width=\"350\" height=\"532\" \/><\/p>\n<p>Aquest \u00e9s un llibre que se m&#8217;ha fet molt llarg de llegir. I no \u00e9s pas que sigui d&#8217;una extensi\u00f3 important, sin\u00f3 perqu\u00e8 es podria dir que \u00e9s un llibre on no hi passa res, o ben poca cosa. Relata la vida d&#8217;un fill cabaler del Pallars que deu n\u00e8ixer a principis dels anys vint del segle passat i com es desenvolupa la seva vida sobretot d&#8217;infant, despr\u00e9s de jove en diferents treballs sobretot a Fran\u00e7a i finalment quan s&#8217;hi queda exiliat despr\u00e9s d&#8217;estar en un parell de camps de concentraci\u00f3 a Fran\u00e7a passada la guerra civil espanyola i passa molt r\u00e0pid pel moment present, a la seva vellesa, on es troba vivint a Par\u00eds per\u00f2 desarrelat perqu\u00e8 enyora el seu Olp natal per\u00f2 sap que no li queda res, all\u00e0. \u00c9s una novel\u00b7la costumista i utilitza el particular vocabulari i manera d&#8217;enraonar de la gent del Pallars, i en relata els fets i les experi\u00e8ncies, el que per a mi el fa dif\u00edcil de seguir. Tamb\u00e9 influeix que narra fets aparentment intranscendents&#8230; com un film d&#8217;aquells que tenen una hist\u00f2ria per\u00f2 no aconsegueixen enganxar-te. No li he sabut trobar el qu\u00e8. No el compraria ni el rellegiria. No.<\/p>\n","protected":false},"excerpt":{"rendered":"<p>Aquest \u00e9s un llibre que se m&#8217;ha fet molt llarg de llegir. I no \u00e9s pas que sigui d&#8217;una extensi\u00f3 important, sin\u00f3 perqu\u00e8 es podria dir que \u00e9s un llibre on no hi passa res, o ben poca cosa. Relata la vida d&#8217;un fill cabaler del Pallars que deu n\u00e8ixer a principis dels anys vint &hellip; <a href=\"https:\/\/quelijaume.net\/?p=644\" class=\"more-link\">Continua la lectura de <span class=\"screen-reader-text\">Mel i metzines, de Maria Barbal<\/span><\/a><\/p>\n","protected":false},"author":1,"featured_media":0,"comment_status":"open","ping_status":"open","sticky":false,"template":"","format":"standard","meta":{"footnotes":""},"categories":[7],"tags":[314,313],"class_list":["post-644","post","type-post","status-publish","format-standard","hentry","category-llibres","tag-maria-barbal","tag-mel-i-metzines"],"_links":{"self":[{"href":"https:\/\/quelijaume.net\/index.php?rest_route=\/wp\/v2\/posts\/644","targetHints":{"allow":["GET"]}}],"collection":[{"href":"https:\/\/quelijaume.net\/index.php?rest_route=\/wp\/v2\/posts"}],"about":[{"href":"https:\/\/quelijaume.net\/index.php?rest_route=\/wp\/v2\/types\/post"}],"author":[{"embeddable":true,"href":"https:\/\/quelijaume.net\/index.php?rest_route=\/wp\/v2\/users\/1"}],"replies":[{"embeddable":true,"href":"https:\/\/quelijaume.net\/index.php?rest_route=%2Fwp%2Fv2%2Fcomments&post=644"}],"version-history":[{"count":0,"href":"https:\/\/quelijaume.net\/index.php?rest_route=\/wp\/v2\/posts\/644\/revisions"}],"wp:attachment":[{"href":"https:\/\/quelijaume.net\/index.php?rest_route=%2Fwp%2Fv2%2Fmedia&parent=644"}],"wp:term":[{"taxonomy":"category","embeddable":true,"href":"https:\/\/quelijaume.net\/index.php?rest_route=%2Fwp%2Fv2%2Fcategories&post=644"},{"taxonomy":"post_tag","embeddable":true,"href":"https:\/\/quelijaume.net\/index.php?rest_route=%2Fwp%2Fv2%2Ftags&post=644"}],"curies":[{"name":"wp","href":"https:\/\/api.w.org\/{rel}","templated":true}]}}