{"id":746,"date":"2017-11-27T17:21:49","date_gmt":"2017-11-27T15:21:49","guid":{"rendered":"https:\/\/quelijaume.net\/?p=746"},"modified":"2017-11-27T17:21:49","modified_gmt":"2017-11-27T15:21:49","slug":"biblioteques-digitals","status":"publish","type":"post","link":"https:\/\/quelijaume.net\/?p=746","title":{"rendered":"Biblioteques digitals"},"content":{"rendered":"<p>Fa pocs dies va sortir la <a href=\"https:\/\/www.govern.ad\/cultura\/item\/8633-gelabert-presenta-l-ebiblio-andorra-el-nou-servei-de-prestec-de-continguts-en-format-digital\">not\u00edcia<\/a> als <a href=\"https:\/\/www.ara.ad\/cultura\/biblioteques-publiques-sobren-llibres-digitals_0_1892810821.html\">diaris<\/a> (<a href=\"https:\/\/www.elperiodic.ad\/noticia\/60626\/la-biblioteca-ja-ofereix-en-prestec-els-llibres-electronics\">i 2<\/a>) i a la <a href=\"http:\/\/www.andorradifusio.ad\/Noticies\/les-biblioteques-incoporen-el-prestec-de-llibres-electronics\">televisi\u00f3<\/a> que a Andorra ja disposem de servei de pr\u00e9stec de llibres i revistes digitals.<\/p>\n<p>Sembla que ja fa un temps que el sistema funciona a Catalunya, tot hi que jo me&#8217;n vaig assabentar la mateixa setmana que van anunciar la bona nova a l nostre pa\u00eds.<\/p>\n<p><img loading=\"lazy\" decoding=\"async\" class=\"aligncenter size-medium\" src=\"https:\/\/quelijaume.net\/fotoblog\/ebiblioandorra.PNG\" width=\"531\" height=\"86\" \/><\/p>\n<p>El sistema l&#8217;han batejat com <strong><a href=\"http:\/\/www.ebiblioandorra.ad\">eBiblio<\/a><\/strong>, un nom que si b\u00e9 no \u00e9s el m\u00e9s original del m\u00f3n, trobo que \u00e9s ben pensat i diu exactament el que \u00e9s, sense haver de rec\u00f3rrer a funambulismes innecessaris.<\/p>\n<p>L\u00f2gicament el primer que vaig fer en assabentar-me&#8217;n va ser trobar el moment per donar-me d&#8217;alta al sistema, i \u00e9s que cal, a m\u00e9s de tenir el carnet de qualsevol biblioteca del pa\u00eds, anar f\u00edsicament a la biblioteca per a que et donin d&#8217;alta (sembla que es volen assegurar que els facilitis un correu electr\u00f2nic, potser per tenir una manera fiable d&#8217;entrar en contacte amb tu, no ho s\u00e9). Al cap d&#8217;un parell d&#8217;hores vaig rebre un mail amb la informaci\u00f3 per entrar al sistema (nom d&#8217;usuari i contrasenya). I ja est\u00e0! A partir d&#8217;aleshores ja pots triar i remenar entre la de moment exigua quantitat de t\u00edtols disponibles, entre llibres i revistes. Si en vols demanar en pr\u00e9stec per\u00f2 ja necessites instal\u00b7lar un programa d&#8217;Adobe (<a href=\"http:\/\/www.adobe.com\/es\/solutions\/ebook\/digital-editions\/download.html\">Adobe Digital Editions 4.5<\/a>) que gestiona els drets digitals de les obres. All\u00e0 pots demanar prestats o retornar els volums.<\/p>\n<p>La prova l&#8217;he fet amb <em>Una columna de foc<\/em>, d&#8217;en Ken Follet, i ha estat completament satisfact\u00f2ria!<\/p>\n","protected":false},"excerpt":{"rendered":"<p>Fa pocs dies va sortir la not\u00edcia als diaris (i 2) i a la televisi\u00f3 que a Andorra ja disposem de servei de pr\u00e9stec de llibres i revistes digitals. Sembla que ja fa un temps que el sistema funciona a Catalunya, tot hi que jo me&#8217;n vaig assabentar la mateixa setmana que van anunciar la &hellip; <a href=\"https:\/\/quelijaume.net\/?p=746\" class=\"more-link\">Continua la lectura de <span class=\"screen-reader-text\">Biblioteques digitals<\/span><\/a><\/p>\n","protected":false},"author":1,"featured_media":0,"comment_status":"open","ping_status":"open","sticky":false,"template":"","format":"standard","meta":{"footnotes":""},"categories":[6,5,7],"tags":[203,351,39,345,34,352],"class_list":["post-746","post","type-post","status-publish","format-standard","hentry","category-bravo","category-divagacions-tecnologiques","category-llibres","tag-andorra","tag-ebiblio","tag-ken-follet","tag-kobo","tag-llibre-electronic","tag-novetats"],"_links":{"self":[{"href":"https:\/\/quelijaume.net\/index.php?rest_route=\/wp\/v2\/posts\/746","targetHints":{"allow":["GET"]}}],"collection":[{"href":"https:\/\/quelijaume.net\/index.php?rest_route=\/wp\/v2\/posts"}],"about":[{"href":"https:\/\/quelijaume.net\/index.php?rest_route=\/wp\/v2\/types\/post"}],"author":[{"embeddable":true,"href":"https:\/\/quelijaume.net\/index.php?rest_route=\/wp\/v2\/users\/1"}],"replies":[{"embeddable":true,"href":"https:\/\/quelijaume.net\/index.php?rest_route=%2Fwp%2Fv2%2Fcomments&post=746"}],"version-history":[{"count":1,"href":"https:\/\/quelijaume.net\/index.php?rest_route=\/wp\/v2\/posts\/746\/revisions"}],"predecessor-version":[{"id":747,"href":"https:\/\/quelijaume.net\/index.php?rest_route=\/wp\/v2\/posts\/746\/revisions\/747"}],"wp:attachment":[{"href":"https:\/\/quelijaume.net\/index.php?rest_route=%2Fwp%2Fv2%2Fmedia&parent=746"}],"wp:term":[{"taxonomy":"category","embeddable":true,"href":"https:\/\/quelijaume.net\/index.php?rest_route=%2Fwp%2Fv2%2Fcategories&post=746"},{"taxonomy":"post_tag","embeddable":true,"href":"https:\/\/quelijaume.net\/index.php?rest_route=%2Fwp%2Fv2%2Ftags&post=746"}],"curies":[{"name":"wp","href":"https:\/\/api.w.org\/{rel}","templated":true}]}}