{"id":763,"date":"2017-12-18T18:54:01","date_gmt":"2017-12-18T16:54:01","guid":{"rendered":"https:\/\/quelijaume.net\/?p=763"},"modified":"2017-12-18T18:54:01","modified_gmt":"2017-12-18T16:54:01","slug":"la-biblia-andorrana-dalbert-villaro-boix","status":"publish","type":"post","link":"https:\/\/quelijaume.net\/?p=763","title":{"rendered":"La b\u00edblia andorrana, d&#8217;Albert Villar\u00f3 Boix"},"content":{"rendered":"<p>Una altra novel\u00b7la amb pinzellades hist\u00f2riques sobre el nostre pa\u00eds, barrejant la intriga, les corredisses amb assassins, espies, diplom\u00e0tics i les altes esferes. Les pressions a que es veu sotmesa la nostra estimada Andorra i com les gasten els nostres ve\u00efns del sud-sud.<\/p>\n<p><img loading=\"lazy\" decoding=\"async\" class=\"aligncenter \" src=\"https:\/\/quelijaume.net\/fotoblog\/labiblianadorrana.jpg\" width=\"425\" height=\"654\" \/><\/p>\n<p>&nbsp;<\/p>\n<p>Sobretot posa sobre la taula una hist\u00f2ria que a mi hem sembla recordar que alguna cosa t\u00e9 de ver\u00eddic. \u00c9s apassionant. Narra de primer una possible explicaci\u00f3 a la desaparici\u00f3 de la talla de la Verge de Meritxell, fruit d&#8217;un incendi, provocat o no, de l&#8217;antic temple. Per\u00f2 sobretot parla d&#8217;uns papers, l&#8217;anomenada &#8220;Conjetura Valdambrini&#8221; que seria un document signat secretament pel Papa del moment, en que indica com podria fer desapar\u00e8ixer la figura del Bisbe d&#8217;Urgell en favor del Rei d&#8217;Espanya. Un panorama ben negre per Andorra i els andorrans. Com l&#8217;anterior, una novel\u00b7la trepidant i que val absolutament la pena de tenir llegida.<\/p>\n<p>&nbsp;<\/p>\n","protected":false},"excerpt":{"rendered":"<p>Una altra novel\u00b7la amb pinzellades hist\u00f2riques sobre el nostre pa\u00eds, barrejant la intriga, les corredisses amb assassins, espies, diplom\u00e0tics i les altes esferes. Les pressions a que es veu sotmesa la nostra estimada Andorra i com les gasten els nostres ve\u00efns del sud-sud. &nbsp; Sobretot posa sobre la taula una hist\u00f2ria que a mi hem &hellip; <a href=\"https:\/\/quelijaume.net\/?p=763\" class=\"more-link\">Continua la lectura de <span class=\"screen-reader-text\">La b\u00edblia andorrana, d&#8217;Albert Villar\u00f3 Boix<\/span><\/a><\/p>\n","protected":false},"author":1,"featured_media":0,"comment_status":"open","ping_status":"open","sticky":false,"template":"","format":"standard","meta":{"footnotes":""},"categories":[1,7],"tags":[354,203,355,8],"class_list":["post-763","post","type-post","status-publish","format-standard","hentry","category-general","category-llibres","tag-albert-villaro","tag-andorra","tag-la-biblia-andorrana","tag-llibres-2"],"_links":{"self":[{"href":"https:\/\/quelijaume.net\/index.php?rest_route=\/wp\/v2\/posts\/763","targetHints":{"allow":["GET"]}}],"collection":[{"href":"https:\/\/quelijaume.net\/index.php?rest_route=\/wp\/v2\/posts"}],"about":[{"href":"https:\/\/quelijaume.net\/index.php?rest_route=\/wp\/v2\/types\/post"}],"author":[{"embeddable":true,"href":"https:\/\/quelijaume.net\/index.php?rest_route=\/wp\/v2\/users\/1"}],"replies":[{"embeddable":true,"href":"https:\/\/quelijaume.net\/index.php?rest_route=%2Fwp%2Fv2%2Fcomments&post=763"}],"version-history":[{"count":2,"href":"https:\/\/quelijaume.net\/index.php?rest_route=\/wp\/v2\/posts\/763\/revisions"}],"predecessor-version":[{"id":769,"href":"https:\/\/quelijaume.net\/index.php?rest_route=\/wp\/v2\/posts\/763\/revisions\/769"}],"wp:attachment":[{"href":"https:\/\/quelijaume.net\/index.php?rest_route=%2Fwp%2Fv2%2Fmedia&parent=763"}],"wp:term":[{"taxonomy":"category","embeddable":true,"href":"https:\/\/quelijaume.net\/index.php?rest_route=%2Fwp%2Fv2%2Fcategories&post=763"},{"taxonomy":"post_tag","embeddable":true,"href":"https:\/\/quelijaume.net\/index.php?rest_route=%2Fwp%2Fv2%2Ftags&post=763"}],"curies":[{"name":"wp","href":"https:\/\/api.w.org\/{rel}","templated":true}]}}