{"id":796,"date":"2018-05-07T00:21:50","date_gmt":"2018-05-06T22:21:50","guid":{"rendered":"https:\/\/quelijaume.net\/?p=796"},"modified":"2018-05-07T00:21:50","modified_gmt":"2018-05-06T22:21:50","slug":"bon-dia-son-les-vuit-dantoni-bassas","status":"publish","type":"post","link":"https:\/\/quelijaume.net\/?p=796","title":{"rendered":"Bon dia, s\u00f3n les vuit!, d&#8217;Antoni Bassas"},"content":{"rendered":"<p><img loading=\"lazy\" decoding=\"async\" class=\"aligncenter \" src=\"https:\/\/quelijaume.net\/fotoblog\/antonibassas.jpg\" width=\"426\" height=\"650\" \/><\/p>\n<p>\u00c9s un llibre molt recent, que tamb\u00e9 he tingut el gust de llegir amb el llibre electr\u00f2nic i b\u00e0sicament permet al Bassas deixar anar, des de la dist\u00e0ncia dels anys passats, lleugeres pinzellades de la seva traject\u00f2ria professional al capdavant del Mat\u00ed de Catalunya R\u00e0dio (o l&#8217;MCR com diu ell). Tinc la sensaci\u00f3 que \u00e9s una esp\u00e8cie de resum de cara a la galeria per\u00f2 \u00e9s molt contingut en el relat dels fets, i \u00e9s comprensible. Deixa anar molts fils per a qui els s\u00e0piga aprofitar, per\u00f2 sovint ho fa veladament i es necessita una treball extra per descobrir de qui parla exactament. Imagino que simplement ha fet un llibre que podria ser un prefaci del primer volum d&#8217;una enciclop\u00e8dia.<\/p>\n<p>Parla sovint dels sentiments, dels seus i dels oients. Evidentment s&#8217;hi explaia, per\u00f2 francament esperava m\u00e9s contingut. Fa la impressi\u00f3 que ha rellegit les seves notes personals i ha anat narrant aquelles an\u00e8cdotes que m\u00e9s l&#8217;han engrescat, que m\u00e9s l&#8217;han colpit o emocionat. Al final parla de la seva estada a Washington com a corresponsal, i de la cobertura del terratr\u00e8mol que va devastar Hait\u00ed.<\/p>\n<p>A mi m&#8217;agrada m\u00e9s en les seva vessant period\u00edstica que no pas la d&#8217;escriptor. Se&#8217;l troba a faltar, a la r\u00e0dio i en les seves p\u00edndoles que publicava di\u00e0riament a l&#8217;Ara.<\/p>\n","protected":false},"excerpt":{"rendered":"<p>\u00c9s un llibre molt recent, que tamb\u00e9 he tingut el gust de llegir amb el llibre electr\u00f2nic i b\u00e0sicament permet al Bassas deixar anar, des de la dist\u00e0ncia dels anys passats, lleugeres pinzellades de la seva traject\u00f2ria professional al capdavant del Mat\u00ed de Catalunya R\u00e0dio (o l&#8217;MCR com diu ell). Tinc la sensaci\u00f3 que \u00e9s &hellip; <a href=\"https:\/\/quelijaume.net\/?p=796\" class=\"more-link\">Continua la lectura de <span class=\"screen-reader-text\">Bon dia, s\u00f3n les vuit!, d&#8217;Antoni Bassas<\/span><\/a><\/p>\n","protected":false},"author":1,"featured_media":0,"comment_status":"open","ping_status":"open","sticky":false,"template":"","format":"standard","meta":{"footnotes":""},"categories":[7],"tags":[363,364],"class_list":["post-796","post","type-post","status-publish","format-standard","hentry","category-llibres","tag-antoni-bassas","tag-mati-de-catalunya-radio"],"_links":{"self":[{"href":"https:\/\/quelijaume.net\/index.php?rest_route=\/wp\/v2\/posts\/796","targetHints":{"allow":["GET"]}}],"collection":[{"href":"https:\/\/quelijaume.net\/index.php?rest_route=\/wp\/v2\/posts"}],"about":[{"href":"https:\/\/quelijaume.net\/index.php?rest_route=\/wp\/v2\/types\/post"}],"author":[{"embeddable":true,"href":"https:\/\/quelijaume.net\/index.php?rest_route=\/wp\/v2\/users\/1"}],"replies":[{"embeddable":true,"href":"https:\/\/quelijaume.net\/index.php?rest_route=%2Fwp%2Fv2%2Fcomments&post=796"}],"version-history":[{"count":1,"href":"https:\/\/quelijaume.net\/index.php?rest_route=\/wp\/v2\/posts\/796\/revisions"}],"predecessor-version":[{"id":797,"href":"https:\/\/quelijaume.net\/index.php?rest_route=\/wp\/v2\/posts\/796\/revisions\/797"}],"wp:attachment":[{"href":"https:\/\/quelijaume.net\/index.php?rest_route=%2Fwp%2Fv2%2Fmedia&parent=796"}],"wp:term":[{"taxonomy":"category","embeddable":true,"href":"https:\/\/quelijaume.net\/index.php?rest_route=%2Fwp%2Fv2%2Fcategories&post=796"},{"taxonomy":"post_tag","embeddable":true,"href":"https:\/\/quelijaume.net\/index.php?rest_route=%2Fwp%2Fv2%2Ftags&post=796"}],"curies":[{"name":"wp","href":"https:\/\/api.w.org\/{rel}","templated":true}]}}