{"id":849,"date":"2018-11-07T19:24:45","date_gmt":"2018-11-07T17:24:45","guid":{"rendered":"https:\/\/quelijaume.net\/?p=849"},"modified":"2018-11-07T19:24:45","modified_gmt":"2018-11-07T17:24:45","slug":"el-dia-que-barcelona-va-morir-denric-calpena","status":"publish","type":"post","link":"https:\/\/quelijaume.net\/?p=849","title":{"rendered":"El dia que Barcelona va morir, d&#8217;Enric Calpena"},"content":{"rendered":"<p><img loading=\"lazy\" decoding=\"async\" class=\"aligncenter size-medium\" src=\"https:\/\/quelijaume.net\/fotoblog\/eldiaquebarcelonavamorir.jpg\" width=\"354\" height=\"550\" \/><\/p>\n<p>Qui estigui mitjanament interessat en la hist\u00f2ria i escolti habitualment Catalunya R\u00e0dio ja deu saber qui \u00e9s l&#8217;autor. Per als qui no, en 3 paraules com diuen alguns personatges: \u00c9s un divulgador apassionat de la hist\u00f2ria, i des de fa molts anys porta el programa radiof\u00f2nic &#8220;En gu\u00e0rdia!&#8221;. Evidentment t\u00e9 un curr\u00edculum m\u00e9s ampli que el podreu consultar <a href=\"https:\/\/ca.wikipedia.org\/wiki\/Enric_Calpena_i_Oll%C3%A9\">aqu\u00ed.<\/a><\/p>\n<p>Aquest llibre va en la l\u00ednia dels grans bestsellers hist\u00f2rics que hem pogut veure darrerament. A mi em recorda especialment tot hi que no estaria ben b\u00e9 al mateix nivell de complexitat, a les novel\u00b7les d&#8217;El metge o Xaman, de Noah Gordon, Els pilars de la terra de Ken Follet o L&#8217;esgl\u00e9sia del mar i Els hereus de la terra d&#8217;Ildefonso Falcones.<\/p>\n<p>Una molt recomanable lectura on no hi trobarem a faltar un fidel reflex de la societat barcelonina de l&#8217;any 1000 (985 per ser exactes), aix\u00ed com alguns detalls de la organitzaci\u00f3 dels ex\u00e8rcits comtals i andalusins, i les t\u00e8cniques de guerra i la presa de decisions.<\/p>\n<p>Enganxa. Val la pena de llegir.<\/p>\n","protected":false},"excerpt":{"rendered":"<p>Qui estigui mitjanament interessat en la hist\u00f2ria i escolti habitualment Catalunya R\u00e0dio ja deu saber qui \u00e9s l&#8217;autor. Per als qui no, en 3 paraules com diuen alguns personatges: \u00c9s un divulgador apassionat de la hist\u00f2ria, i des de fa molts anys porta el programa radiof\u00f2nic &#8220;En gu\u00e0rdia!&#8221;. Evidentment t\u00e9 un curr\u00edculum m\u00e9s ampli que &hellip; <a href=\"https:\/\/quelijaume.net\/?p=849\" class=\"more-link\">Continua la lectura de <span class=\"screen-reader-text\">El dia que Barcelona va morir, d&#8217;Enric Calpena<\/span><\/a><\/p>\n","protected":false},"author":1,"featured_media":0,"comment_status":"open","ping_status":"open","sticky":false,"template":"","format":"standard","meta":{"footnotes":""},"categories":[7],"tags":[369,368,371,370,8],"class_list":["post-849","post","type-post","status-publish","format-standard","hentry","category-llibres","tag-el-dia-que-barcelona-va-morir","tag-enric-calpena","tag-historia","tag-lectura","tag-llibres-2"],"_links":{"self":[{"href":"https:\/\/quelijaume.net\/index.php?rest_route=\/wp\/v2\/posts\/849","targetHints":{"allow":["GET"]}}],"collection":[{"href":"https:\/\/quelijaume.net\/index.php?rest_route=\/wp\/v2\/posts"}],"about":[{"href":"https:\/\/quelijaume.net\/index.php?rest_route=\/wp\/v2\/types\/post"}],"author":[{"embeddable":true,"href":"https:\/\/quelijaume.net\/index.php?rest_route=\/wp\/v2\/users\/1"}],"replies":[{"embeddable":true,"href":"https:\/\/quelijaume.net\/index.php?rest_route=%2Fwp%2Fv2%2Fcomments&post=849"}],"version-history":[{"count":1,"href":"https:\/\/quelijaume.net\/index.php?rest_route=\/wp\/v2\/posts\/849\/revisions"}],"predecessor-version":[{"id":850,"href":"https:\/\/quelijaume.net\/index.php?rest_route=\/wp\/v2\/posts\/849\/revisions\/850"}],"wp:attachment":[{"href":"https:\/\/quelijaume.net\/index.php?rest_route=%2Fwp%2Fv2%2Fmedia&parent=849"}],"wp:term":[{"taxonomy":"category","embeddable":true,"href":"https:\/\/quelijaume.net\/index.php?rest_route=%2Fwp%2Fv2%2Fcategories&post=849"},{"taxonomy":"post_tag","embeddable":true,"href":"https:\/\/quelijaume.net\/index.php?rest_route=%2Fwp%2Fv2%2Ftags&post=849"}],"curies":[{"name":"wp","href":"https:\/\/api.w.org\/{rel}","templated":true}]}}