{"id":886,"date":"2019-05-25T18:37:38","date_gmt":"2019-05-25T16:37:38","guid":{"rendered":"https:\/\/quelijaume.net\/?p=886"},"modified":"2019-05-22T18:51:58","modified_gmt":"2019-05-22T16:51:58","slug":"la-meva-historia-de-michelle-obama","status":"publish","type":"post","link":"https:\/\/quelijaume.net\/?p=886","title":{"rendered":"La meva hist\u00f2ria, de Michelle Obama"},"content":{"rendered":"\n<div class=\"wp-block-image\"><figure class=\"aligncenter is-resized\"><img loading=\"lazy\" decoding=\"async\" src=\"Http:\/\/quelijaume.net\/fotoblog\/lamevahistoria.jpg\" alt=\"\" width=\"366\" height=\"556\"\/><\/figure><\/div>\n\n\n\n<p>La lectura d&#8217;aquesta biografia em va semblar interessant nom\u00e9s de con\u00e8ixer-ne la exist\u00e8ncia. El fen\u00f2men Obama als Estats Units va impactar tota la societat occidental. La manera en que aquest president va arribar al poder, el magnetisme que irradiava i com va aconseguir omplir d&#8217;esperan\u00e7a una part important de la societat americana i occidental, que ens ho mir\u00e0vem expectants i amb certa enveja pel calibre pol\u00edtic que demostraven tenir all\u00e0 i que no veiem per enlloc als pa\u00efsos propers. Tenia ganes de con\u00e8ixer-ne una mica m\u00e9s, i ara que la primera dama publicava aquest llibre, acceptant que \u00e9s absolutament subjectiu (per\u00f2 no mancat d&#8217;autocr\u00edtica, malgrat sigui lleugera) vaig aconseguir-ne l&#8217;exemplar en catal\u00e0 que ens va facilitar el servei d&#8217;<a href=\"http:\/\/www.ebiblioandorra.ad\">ebiblio d&#8217;Andorra<\/a>. <\/p>\n\n\n\n<p>I em va agradar for\u00e7a. Evidentment \u00e9s la biografia de la Michelle, no del president, i \u00e9s francament interessant de llegir, sobretot si donem per bones totes les dades que aporta de la seva inf\u00e0ncia i joventut, on es deixa clar que estem llegint la vida d&#8217;alg\u00fa excepcional.<\/p>\n\n\n\n<p>Cal llegir-lo. No decepciona, sobretot si hem viscut amb inter\u00e8s el mandat del president Obama.<\/p>\n","protected":false},"excerpt":{"rendered":"<p>La lectura d&#8217;aquesta biografia em va semblar interessant nom\u00e9s de con\u00e8ixer-ne la exist\u00e8ncia. El fen\u00f2men Obama als Estats Units va impactar tota la societat occidental. La manera en que aquest president va arribar al poder, el magnetisme que irradiava i com va aconseguir omplir d&#8217;esperan\u00e7a una part important de la societat americana i occidental, que &hellip; <a href=\"https:\/\/quelijaume.net\/?p=886\" class=\"more-link\">Continua la lectura de <span class=\"screen-reader-text\">La meva hist\u00f2ria, de Michelle Obama<\/span><\/a><\/p>\n","protected":false},"author":1,"featured_media":0,"comment_status":"open","ping_status":"open","sticky":false,"template":"","format":"standard","meta":{"footnotes":""},"categories":[7],"tags":[8,346,385],"class_list":["post-886","post","type-post","status-publish","format-standard","hentry","category-llibres","tag-llibres-2","tag-llibres-electronics","tag-michelle-obama"],"_links":{"self":[{"href":"https:\/\/quelijaume.net\/index.php?rest_route=\/wp\/v2\/posts\/886","targetHints":{"allow":["GET"]}}],"collection":[{"href":"https:\/\/quelijaume.net\/index.php?rest_route=\/wp\/v2\/posts"}],"about":[{"href":"https:\/\/quelijaume.net\/index.php?rest_route=\/wp\/v2\/types\/post"}],"author":[{"embeddable":true,"href":"https:\/\/quelijaume.net\/index.php?rest_route=\/wp\/v2\/users\/1"}],"replies":[{"embeddable":true,"href":"https:\/\/quelijaume.net\/index.php?rest_route=%2Fwp%2Fv2%2Fcomments&post=886"}],"version-history":[{"count":1,"href":"https:\/\/quelijaume.net\/index.php?rest_route=\/wp\/v2\/posts\/886\/revisions"}],"predecessor-version":[{"id":887,"href":"https:\/\/quelijaume.net\/index.php?rest_route=\/wp\/v2\/posts\/886\/revisions\/887"}],"wp:attachment":[{"href":"https:\/\/quelijaume.net\/index.php?rest_route=%2Fwp%2Fv2%2Fmedia&parent=886"}],"wp:term":[{"taxonomy":"category","embeddable":true,"href":"https:\/\/quelijaume.net\/index.php?rest_route=%2Fwp%2Fv2%2Fcategories&post=886"},{"taxonomy":"post_tag","embeddable":true,"href":"https:\/\/quelijaume.net\/index.php?rest_route=%2Fwp%2Fv2%2Ftags&post=886"}],"curies":[{"name":"wp","href":"https:\/\/api.w.org\/{rel}","templated":true}]}}